{"id":9771,"date":"2025-06-03T21:44:58","date_gmt":"2025-06-03T20:44:58","guid":{"rendered":"http:\/\/www.prazsky.cztenis.cz\/?p=9771"},"modified":"2025-06-05T09:59:20","modified_gmt":"2025-06-05T08:59:20","slug":"souteze-druzstev-u9-organizovane-cts-v-roce-2025","status":"publish","type":"post","link":"http:\/\/www.prazsky.cztenis.cz\/?p=9771","title":{"rendered":"Sout\u011b\u017ee dru\u017estev U9 organizovan\u00e9 \u010cTS v roce 2025"},"content":{"rendered":"\n<p><a href=\"http:\/\/www.prazsky.cztenis.cz\/wp-content\/uploads\/2025\/06\/CTS-MCR-U9-rok-2025.pdf\" target=\"_blank\" rel=\"noreferrer noopener\">Z\u00e1kladn\u00ed informace k sout\u011b\u017e\u00edm U9, kter\u00e9 po\u0159\u00e1d\u00e1 \u010cTS &#8211; republikov\u00e9 sout\u011b\u017ee dru\u017estev<\/a><\/p>\n\n\n\n<p><em>Iinformace k&nbsp;organizaci leto\u0161n\u00edch M\u010cR v&nbsp;kategori\u00edch U9. <\/em><br \/><em>V&nbsp;sou\u010dasn\u00e9 dob\u011b se p\u0159ipravuje rozpis sout\u011b\u017ee pro St\u0159edn\u00ed kurt, bude zve\u0159ejn\u011bn do konce tohoto t\u00fddne. Rozpisy pro Babytenis a Minitenis se p\u0159ipravuj\u00ed.&nbsp;&nbsp;Sou\u010dasn\u011b bychom V\u00e1s r\u00e1di informovali, \u017ee se p\u0159ipravuje nov\u00e9 zn\u011bn\u00ed \u0159\u00e1d\u016f pro organizaci sout\u011b\u017e\u00ed U9. P\u0159ijet\u00ed nov\u00fdch \u0159\u00e1d\u016f bude znamenat jasnou strukturu a form\u00e1ty sout\u011b\u017e\u00ed od sez\u00f3ny 2026. T\u00edm se eliminuj\u00ed ad hoc rozhodnut\u00ed a bude zaji\u0161t\u011bna p\u0159ehlednost a dlouhodob\u00e1 stabilita v sout\u011b\u017e\u00edch jednotlivc\u016f a dru\u017estev v&nbsp;kategori\u00edch U9.<\/em><\/p>\n","protected":false},"excerpt":{"rendered":"<p>Z\u00e1kladn\u00ed informace k sout\u011b\u017e\u00edm U9, kter\u00e9 po\u0159\u00e1d\u00e1 \u010cTS &#8211; republikov\u00e9 sout\u011b\u017ee dru\u017estev Iinformace k&nbsp;organizaci leto\u0161n\u00edch M\u010cR v&nbsp;kategori\u00edch U9. V&nbsp;sou\u010dasn\u00e9 dob\u011b se p\u0159ipravuje rozpis sout\u011b\u017ee pro St\u0159edn\u00ed kurt, bude zve\u0159ejn\u011bn do konce tohoto t\u00fddne. Rozpisy pro Babytenis a Minitenis se p\u0159ipravuj\u00ed.&nbsp;&nbsp;Sou\u010dasn\u011b bychom V\u00e1s r\u00e1di informovali, \u017ee se p\u0159ipravuje nov\u00e9 zn\u011bn\u00ed \u0159\u00e1d\u016f pro organizaci sout\u011b\u017e\u00ed U9. P\u0159ijet\u00ed [&hellip;]<\/p>\n","protected":false},"author":7,"featured_media":0,"comment_status":"open","ping_status":"open","sticky":true,"template":"","format":"standard","meta":[],"categories":[3,1],"tags":[],"_links":{"self":[{"href":"http:\/\/www.prazsky.cztenis.cz\/index.php?rest_route=\/wp\/v2\/posts\/9771"}],"collection":[{"href":"http:\/\/www.prazsky.cztenis.cz\/index.php?rest_route=\/wp\/v2\/posts"}],"about":[{"href":"http:\/\/www.prazsky.cztenis.cz\/index.php?rest_route=\/wp\/v2\/types\/post"}],"author":[{"embeddable":true,"href":"http:\/\/www.prazsky.cztenis.cz\/index.php?rest_route=\/wp\/v2\/users\/7"}],"replies":[{"embeddable":true,"href":"http:\/\/www.prazsky.cztenis.cz\/index.php?rest_route=%2Fwp%2Fv2%2Fcomments&post=9771"}],"version-history":[{"count":2,"href":"http:\/\/www.prazsky.cztenis.cz\/index.php?rest_route=\/wp\/v2\/posts\/9771\/revisions"}],"predecessor-version":[{"id":9774,"href":"http:\/\/www.prazsky.cztenis.cz\/index.php?rest_route=\/wp\/v2\/posts\/9771\/revisions\/9774"}],"wp:attachment":[{"href":"http:\/\/www.prazsky.cztenis.cz\/index.php?rest_route=%2Fwp%2Fv2%2Fmedia&parent=9771"}],"wp:term":[{"taxonomy":"category","embeddable":true,"href":"http:\/\/www.prazsky.cztenis.cz\/index.php?rest_route=%2Fwp%2Fv2%2Fcategories&post=9771"},{"taxonomy":"post_tag","embeddable":true,"href":"http:\/\/www.prazsky.cztenis.cz\/index.php?rest_route=%2Fwp%2Fv2%2Ftags&post=9771"}],"curies":[{"name":"wp","href":"https:\/\/api.w.org\/{rel}","templated":true}]}}